{"id":341,"date":"2025-08-24T17:22:02","date_gmt":"2025-08-24T17:22:02","guid":{"rendered":"https:\/\/dev3.mevogroup.com\/?p=341"},"modified":"2025-11-03T12:16:34","modified_gmt":"2025-11-03T12:16:34","slug":"lancement-de-la-semaine-des-anciens-du-college-chevreul-a-douala","status":"publish","type":"post","link":"https:\/\/dev3.mevogroup.com\/en\/2025\/08\/24\/lancement-de-la-semaine-des-anciens-du-college-chevreul-a-douala\/","title":{"rendered":"Lancement de la Semaine des anciens du Coll\u00e8ge Chevreul \u00e0 Douala"},"content":{"rendered":"<p>Sous le signe de l\u2019amiti\u00e9, de la reconnaissance et de la solidarit\u00e9, la <strong>deuxi\u00e8me \u00e9dition de la Semaine des anciens \u00e9l\u00e8ves du Coll\u00e8ge Chevreul<\/strong> s\u2019ouvrira demain, <strong>vendredi 31 janvier 2020<\/strong>, dans l\u2019enceinte m\u00eame de l\u2019\u00e9tablissement \u00e0 Douala. La manifestation est organis\u00e9e par l\u2019<strong>Amicale des Anciens Chevreulois (ADAC)<\/strong>.<br>L\u2019objectif est clair : <strong>renforcer les liens de camaraderie, de fraternit\u00e9 et de solidarit\u00e9<\/strong> entre les g\u00e9n\u00e9rations d\u2019anciens \u00e9l\u00e8ves, tout en exprimant leur attachement \u00e0 ce coll\u00e8ge catholique qui les a form\u00e9s tant dans le domaine scolaire que moral.<\/p>\n\n\n\n<p>Pour cette \u00e9dition, l\u2019ADAC a pr\u00e9par\u00e9 un programme riche et vari\u00e9, \u00e0 destination des anciens, des \u00e9l\u00e8ves actuels, des invit\u00e9s et des partenaires. Sont au programme :<\/p>\n\n\n\n<ul class=\"wp-block-list\">\n<li>des <strong>tournois sportifs<\/strong> (football et handball) ;<\/li>\n\n\n\n<li>une <strong>foire gastronomique et artisanale<\/strong> ;<\/li>\n\n\n\n<li>un <strong>concours des g\u00e9nies<\/strong> (quiz\/interculturel) ;<\/li>\n\n\n\n<li>une <strong>soir\u00e9e culturelle<\/strong>, durant laquelle sera \u00e9lue <strong>Miss Chevreul<\/strong> ;<\/li>\n\n\n\n<li>et un moment particuli\u00e8rement symbolique : la <strong>journ\u00e9e \u00ab\u00a0Retour dans les classes\u00a0\u00bb<\/strong>, qui ravit les anciens d\u00e9sireux de revoir leurs salles de cours, voire leurs anciens bancs.<\/li>\n<\/ul>\n\n\n\n<p>L\u2019ADAC, bien que r\u00e9cemment constitu\u00e9e (environ quatre ans d\u2019existence), est particuli\u00e8rement dynamique. Elle compile une vingtaine de membres b\u00e9n\u00e9voles \u2014 principalement des \u00e9tudiants \u2014 motiv\u00e9s et appuy\u00e9s par quelques m\u00e9c\u00e8nes bienveillants.<br>Face \u00e0 la conjoncture actuelle dans l\u2019\u00e9ducation au Cameroun, cette initiative se distingue par sa positivit\u00e9 et son esprit d\u2019entraide. L\u2019ADAC lance \u00e9galement un appel \u00e0 la g\u00e9n\u00e9rosit\u00e9 pour organiser encore mieux la <strong>quatri\u00e8me \u00e9dition de la F\u00eate des laur\u00e9ats<\/strong>, qui devrait se tenir en ao\u00fbt 2020.<\/p>\n\n\n\n<h3 class=\"wp-block-heading\">Encadr\u00e9 info<\/h3>\n\n\n\n<p><strong>Contacts \u2013 Infoline ADAC<\/strong><\/p>\n\n\n\n<ul class=\"wp-block-list\">\n<li>+237 699 326 068<\/li>\n\n\n\n<li>+237 695 198 442<\/li>\n\n\n\n<li>+237 652 394 154<\/li>\n<\/ul>\n\n\n\n<hr class=\"wp-block-separator has-alpha-channel-opacity\"\/>","protected":false},"excerpt":{"rendered":"<p>Sous le signe de l\u2019amiti\u00e9, de la reconnaissance et de la solidarit\u00e9, la deuxi\u00e8me \u00e9dition de la Semaine des anciens \u00e9l\u00e8ves du Coll\u00e8ge Chevreul s\u2019ouvrira demain, vendredi 31 janvier 2020, dans l\u2019enceinte m\u00eame de l\u2019\u00e9tablissement \u00e0 Douala. La manifestation est organis\u00e9e par l\u2019Amicale des Anciens Chevreulois (ADAC).L\u2019objectif est clair : renforcer les liens de camaraderie, [&hellip;]<\/p>","protected":false},"author":1,"featured_media":344,"comment_status":"open","ping_status":"open","sticky":false,"template":"","format":"standard","meta":{"rank_math_robots":"","footnotes":""},"categories":[14,16],"tags":[],"class_list":["post-341","post","type-post","status-publish","format-standard","has-post-thumbnail","hentry","category-actualites","category-clubs-et-activites"],"_links":{"self":[{"href":"https:\/\/dev3.mevogroup.com\/en\/wp-json\/wp\/v2\/posts\/341","targetHints":{"allow":["GET"]}}],"collection":[{"href":"https:\/\/dev3.mevogroup.com\/en\/wp-json\/wp\/v2\/posts"}],"about":[{"href":"https:\/\/dev3.mevogroup.com\/en\/wp-json\/wp\/v2\/types\/post"}],"author":[{"embeddable":true,"href":"https:\/\/dev3.mevogroup.com\/en\/wp-json\/wp\/v2\/users\/1"}],"replies":[{"embeddable":true,"href":"https:\/\/dev3.mevogroup.com\/en\/wp-json\/wp\/v2\/comments?post=341"}],"version-history":[{"count":0,"href":"https:\/\/dev3.mevogroup.com\/en\/wp-json\/wp\/v2\/posts\/341\/revisions"}],"wp:featuredmedia":[{"embeddable":true,"href":"https:\/\/dev3.mevogroup.com\/en\/wp-json\/wp\/v2\/media\/344"}],"wp:attachment":[{"href":"https:\/\/dev3.mevogroup.com\/en\/wp-json\/wp\/v2\/media?parent=341"}],"wp:term":[{"taxonomy":"category","embeddable":true,"href":"https:\/\/dev3.mevogroup.com\/en\/wp-json\/wp\/v2\/categories?post=341"},{"taxonomy":"post_tag","embeddable":true,"href":"https:\/\/dev3.mevogroup.com\/en\/wp-json\/wp\/v2\/tags?post=341"}],"curies":[{"name":"wp","href":"https:\/\/api.w.org\/{rel}","templated":true}]}}