{"id":336,"date":"2025-08-24T17:11:35","date_gmt":"2025-08-24T17:11:35","guid":{"rendered":"https:\/\/dev3.mevogroup.com\/?p=336"},"modified":"2025-08-24T17:28:13","modified_gmt":"2025-08-24T17:28:13","slug":"rentree-scolaire-au-college-chevreul-lonction-des-autorites-locales","status":"publish","type":"post","link":"https:\/\/dev3.mevogroup.com\/en\/2025\/08\/24\/rentree-scolaire-au-college-chevreul-lonction-des-autorites-locales\/","title":{"rendered":"Rentr\u00e9e scolaire au Coll\u00e8ge Chevreul : l\u2019onction des autorit\u00e9s locales"},"content":{"rendered":"<p>Le <strong>9 septembre 2024<\/strong>, le <strong>pr\u00e9fet du d\u00e9partement du Wouri<\/strong>, <strong>Sylyac Marie Mvogo<\/strong>, accompagn\u00e9 d\u2019une d\u00e9l\u00e9gation, s\u2019est rendu au <strong>Coll\u00e8ge Chevreul<\/strong> dans la commune de Douala pour superviser et b\u00e9nir le lancement de la nouvelle ann\u00e9e scolaire <\/p>\n\n\n\n<h3 class=\"wp-block-heading\">Participants \u00e0 la c\u00e9r\u00e9monie<\/h3>\n\n\n\n<p>Lors de cette visite protocolaire, plusieurs figures de l&rsquo;administration locale \u00e9taient pr\u00e9sentes :<\/p>\n\n\n\n<ul class=\"wp-block-list\">\n<li>Le <strong>sous-pr\u00e9fet de Douala\u202f3e<\/strong>, <strong>Laurent Victor Ayissi Mvogo<\/strong><\/li>\n\n\n\n<li>Le <strong>maire de Douala\u202f3e<\/strong>, <strong>\u00c9poupa Bossambo Valentin<\/strong><\/li>\n\n\n\n<li>La <strong>D\u00e9l\u00e9gu\u00e9e D\u00e9partementale des Enseignements Secondaires du Wouri<\/strong>, <strong>Mme Nathalie Moyen<\/strong><\/li>\n\n\n\n<li>L\u2019\u00e9tat-major du d\u00e9partement <\/li>\n<\/ul>\n\n\n\n<p>Le pr\u00e9fet a inaugur\u00e9 l\u2019ann\u00e9e par la <strong>premi\u00e8re lev\u00e9e des couleurs<\/strong> au sein de l\u2019\u00e9tablissement, symbolisant un d\u00e9but solennel et harmonieux<\/p>\n\n\n\n<h3 class=\"wp-block-heading\">Objectifs et messages cl\u00e9s<\/h3>\n\n\n\n<ol class=\"wp-block-list\">\n<li><strong>V\u00e9rifier la bonne reprise des cours<\/strong><br>La visite s\u2019inscrivait dans une tourn\u00e9e permettant de s\u2019assurer que l\u2019ann\u00e9e scolaire d\u00e9marrait dans les meilleures conditions, prenant en compte les sections francophone, anglophone, ainsi que l\u2019\u00c9cole Maternelle et Primaire Bilingue Marie\u202fC\u00e9line, situ\u00e9e dans l\u2019enceinte du coll\u00e8ge <\/li>\n\n\n\n<li><strong>Encourager et valoriser les enseignants<\/strong><br>Le pr\u00e9fet a profit\u00e9 de l\u2019occasion pour encourager le corps enseignant, leur demandant de consid\u00e9rer leur m\u00e9tier comme une <strong>vocation<\/strong>, un v\u00e9ritable <strong>sacerdoce<\/strong>, o\u00f9 la vraie r\u00e9compense est la r\u00e9ussite des \u00e9l\u00e8ves <\/li>\n\n\n\n<li><strong>Nouer un esprit communautaire autour de l\u2019\u00e9ducation<\/strong><br>Cette c\u00e9r\u00e9monie de rentr\u00e9e a aussi permis d\u2019inscrire le Coll\u00e8ge Chevreul dans une dynamique de collaboration entre les autorit\u00e9s administratives et la communaut\u00e9 \u00e9ducative, tout en affirmant des valeurs de rigueur et d\u2019engagement.<\/li>\n<\/ol>","protected":false},"excerpt":{"rendered":"<p>Le 9 septembre 2024, le pr\u00e9fet du d\u00e9partement du Wouri, Sylyac Marie Mvogo, accompagn\u00e9 d\u2019une d\u00e9l\u00e9gation, s\u2019est rendu au Coll\u00e8ge Chevreul dans la commune de Douala pour superviser et b\u00e9nir le lancement de la nouvelle ann\u00e9e scolaire Participants \u00e0 la c\u00e9r\u00e9monie Lors de cette visite protocolaire, plusieurs figures de l&rsquo;administration locale \u00e9taient pr\u00e9sentes : Le [&hellip;]<\/p>","protected":false},"author":1,"featured_media":342,"comment_status":"open","ping_status":"open","sticky":false,"template":"","format":"standard","meta":{"rank_math_robots":"","footnotes":""},"categories":[14],"tags":[],"class_list":["post-336","post","type-post","status-publish","format-standard","has-post-thumbnail","hentry","category-actualites"],"_links":{"self":[{"href":"https:\/\/dev3.mevogroup.com\/en\/wp-json\/wp\/v2\/posts\/336","targetHints":{"allow":["GET"]}}],"collection":[{"href":"https:\/\/dev3.mevogroup.com\/en\/wp-json\/wp\/v2\/posts"}],"about":[{"href":"https:\/\/dev3.mevogroup.com\/en\/wp-json\/wp\/v2\/types\/post"}],"author":[{"embeddable":true,"href":"https:\/\/dev3.mevogroup.com\/en\/wp-json\/wp\/v2\/users\/1"}],"replies":[{"embeddable":true,"href":"https:\/\/dev3.mevogroup.com\/en\/wp-json\/wp\/v2\/comments?post=336"}],"version-history":[{"count":0,"href":"https:\/\/dev3.mevogroup.com\/en\/wp-json\/wp\/v2\/posts\/336\/revisions"}],"wp:featuredmedia":[{"embeddable":true,"href":"https:\/\/dev3.mevogroup.com\/en\/wp-json\/wp\/v2\/media\/342"}],"wp:attachment":[{"href":"https:\/\/dev3.mevogroup.com\/en\/wp-json\/wp\/v2\/media?parent=336"}],"wp:term":[{"taxonomy":"category","embeddable":true,"href":"https:\/\/dev3.mevogroup.com\/en\/wp-json\/wp\/v2\/categories?post=336"},{"taxonomy":"post_tag","embeddable":true,"href":"https:\/\/dev3.mevogroup.com\/en\/wp-json\/wp\/v2\/tags?post=336"}],"curies":[{"name":"wp","href":"https:\/\/api.w.org\/{rel}","templated":true}]}}